{"id":882,"date":"2016-05-13T09:21:53","date_gmt":"2016-05-13T12:21:53","guid":{"rendered":"http:\/\/infoluro.com\/?p=882"},"modified":"2016-05-13T09:22:04","modified_gmt":"2016-05-13T12:22:04","slug":"gas-mas-barato-se-aprobo-el-proyecto-que-declara-zona-fria-a-la-sexta-seccion","status":"publish","type":"post","link":"https:\/\/infoluro.com\/?p=882","title":{"rendered":"Gas m\u00e1s barato: Se aprob\u00f3 el proyecto que declara Zona Fr\u00eda a la Sexta Secci\u00f3n"},"content":{"rendered":"<p>La C\u00e1mara de Diputados Bonaerense aprob\u00f3 el proyecto presentado por el\u00a0 Frente Renovador cuyo objetivo es lograr una tarifa diferenciada en el consumo de gas natural para los 22 distritos que conforman la Sexta Secci\u00f3n Electoral. Dicho proyecto ya fue elevado al Ejecutivo Bonaerense y se aguarda que la Gobernadora Mar\u00eda Eugenia Vidal pueda realizar las gestiones ante el Enargas y poder acceder a los beneficios. Al respecto esto dec\u00eda Mar\u00eda Marta Corrado, Diputada Provincial del F.R a la Zfm.<\/p>\n<!--[if lt IE 9]><script>document.createElement('audio');<\/script><![endif]-->\n<audio class=\"wp-audio-shortcode\" id=\"audio-882-1\" preload=\"none\" style=\"width: 100%;\" controls=\"controls\"><source type=\"audio\/mpeg\" src=\"https:\/\/infoluro.com\/wp-content\/uploads\/2016\/05\/MARIA-MARTA-CORRADO-13052016.mp3?_=1\" \/><a href=\"https:\/\/infoluro.com\/wp-content\/uploads\/2016\/05\/MARIA-MARTA-CORRADO-13052016.mp3\">https:\/\/infoluro.com\/wp-content\/uploads\/2016\/05\/MARIA-MARTA-CORRADO-13052016.mp3<\/a><\/audio>\n<p><!--more--><\/p>\n<p>La iniciativa parlamentaria, cuya autor\u00eda pertenece al diputado del Frente Renovador Pablo Garate, le solicita al Ejecutivo provincial que realice las gestiones necesarias ante las autoridades del Gobierno Nacional, a los efectos de lograr una tarifa diferenciada en el consumo de gas natural para los 22 distritos que conforman la Sexta Secci\u00f3n Electoral.<\/p>\n<p>\u201cEs un paso importante, ya que el aumento de las tarifas ha sido desmesurado, lo cual impacta de lleno en la gente. Sabido es que en esta zona el uso de gas es indispensable para mitigar los efectos del fr\u00edo. No puede soslayarse que en esta regi\u00f3n bonaerense es necesario mantener la calefacci\u00f3n de forma ininterrumpida desde principio de mayo hasta fines de septiembre\u201d, expres\u00f3 el legislador provincial.<\/p>\n<p>Este proyecto permite que la Sexta Secci\u00f3n Electoral en su totalidad se vea beneficiada, y en ese sentido el diputado Garate expres\u00f3 que &#8220;nos hemos puesto de un lado, el de defender a los vecinos de estas medidas tan abruptas\u201d.<\/p>\n","protected":false},"excerpt":{"rendered":"<p>La C\u00e1mara de Diputados Bonaerense aprob\u00f3 el proyecto presentado por el\u00a0 Frente Renovador cuyo objetivo&#8230;<\/p>\n","protected":false},"author":2,"featured_media":884,"comment_status":"closed","ping_status":"closed","sticky":false,"template":"","format":"standard","meta":{"footnotes":""},"categories":[12,9],"tags":[],"_links":{"self":[{"href":"https:\/\/infoluro.com\/index.php?rest_route=\/wp\/v2\/posts\/882"}],"collection":[{"href":"https:\/\/infoluro.com\/index.php?rest_route=\/wp\/v2\/posts"}],"about":[{"href":"https:\/\/infoluro.com\/index.php?rest_route=\/wp\/v2\/types\/post"}],"author":[{"embeddable":true,"href":"https:\/\/infoluro.com\/index.php?rest_route=\/wp\/v2\/users\/2"}],"replies":[{"embeddable":true,"href":"https:\/\/infoluro.com\/index.php?rest_route=%2Fwp%2Fv2%2Fcomments&post=882"}],"version-history":[{"count":0,"href":"https:\/\/infoluro.com\/index.php?rest_route=\/wp\/v2\/posts\/882\/revisions"}],"wp:featuredmedia":[{"embeddable":true,"href":"https:\/\/infoluro.com\/index.php?rest_route=\/wp\/v2\/media\/884"}],"wp:attachment":[{"href":"https:\/\/infoluro.com\/index.php?rest_route=%2Fwp%2Fv2%2Fmedia&parent=882"}],"wp:term":[{"taxonomy":"category","embeddable":true,"href":"https:\/\/infoluro.com\/index.php?rest_route=%2Fwp%2Fv2%2Fcategories&post=882"},{"taxonomy":"post_tag","embeddable":true,"href":"https:\/\/infoluro.com\/index.php?rest_route=%2Fwp%2Fv2%2Ftags&post=882"}],"curies":[{"name":"wp","href":"https:\/\/api.w.org\/{rel}","templated":true}]}}