{"id":898,"date":"2016-05-17T12:01:14","date_gmt":"2016-05-17T15:01:14","guid":{"rendered":"http:\/\/infoluro.com\/?p=898"},"modified":"2016-05-18T08:48:38","modified_gmt":"2016-05-18T11:48:38","slug":"asume-nuevo-titular-en-la-comisaria-de-pedro-luro","status":"publish","type":"post","link":"https:\/\/infoluro.com\/?p=898","title":{"rendered":"Asumi\u00f3 el nuevo Titular en la Comisaria de Pedro Luro"},"content":{"rendered":"<p>Se trata del Subcomisario Marcos Navarrete quien estar\u00e1 a cargo de la Comisaria Segunda de Villarino. Navarrete llega a la localidad tras estar trabajando en el Destacamento Pal\u00edhue de Bah\u00eda Blanca: \u201cnecesitamos que sigan confiando en la polic\u00eda. Me van a ver caminando la calle o en un patrullero; necesitamos ir todos juntos en busca de las soluciones en seguridad\u201d sostuvo al m\u00f3vil de la Zfm. En el lugar tambi\u00e9n estuvo presente el Jefe de la Polic\u00eda Comunal, Gabriel \u00c1valos, quien reconoci\u00f3 la falta de personal en las distintas dependencias del distrito y la importancia del egreso de los cadetes de la Escuela de Polic\u00eda.<\/p>\n<!--[if lt IE 9]><script>document.createElement('audio');<\/script><![endif]-->\n<audio class=\"wp-audio-shortcode\" id=\"audio-898-1\" preload=\"none\" style=\"width: 100%;\" controls=\"controls\"><source type=\"audio\/mpeg\" src=\"https:\/\/infoluro.com\/wp-content\/uploads\/2016\/05\/AVALOSNAVARRETEASUNCION17052015.mp3?_=1\" \/><a href=\"https:\/\/infoluro.com\/wp-content\/uploads\/2016\/05\/AVALOSNAVARRETEASUNCION17052015.mp3\">https:\/\/infoluro.com\/wp-content\/uploads\/2016\/05\/AVALOSNAVARRETEASUNCION17052015.mp3<\/a><\/audio>\n<p><!--more--><\/p>\n<p>Con la presencia del Intendente, Carlos Bevilacqua, acompa\u00f1ado por el Jefe de Gabinete Horacio Bri\u00f3n, el Subsecretario de Protecci\u00f3n Ciudadana Federico Montero y el Jefe de la Polic\u00eda Comunal Gabriel \u00c1valos, qued\u00f3 designado el Subcomisario Marcos Navarrete como nuevo titular de la Estaci\u00f3n de Polic\u00eda Comunal Villarino Segunda de Pedro Luro, en reemplazo del Subcomisario Fernando Grilloni, quien seguir\u00e1 desempe\u00f1ando funciones en la localidad.<\/p>\n<p>Del acto, que comenz\u00f3 al mediod\u00eda de este martes, particip\u00f3 tambi\u00e9n la Secretar\u00eda de Gobierno, Laura Trelles, el Director de la Unidad de Gesti\u00f3n Municipal, Omar Stefanelli y el Concejal de Acci\u00f3n Por Villarino Jorge Alema\u00f1y y el Presidente del Foro de Seguridad Orestes Villalba, entre otros funcionarios.<\/p>\n<p><img loading=\"lazy\" decoding=\"async\" class=\"alignnone wp-image-904\" src=\"https:\/\/infoluro.com\/wp-content\/uploads\/2016\/05\/01-15-300x200.jpg\" alt=\"01 (15)\" width=\"584\" height=\"389\" srcset=\"https:\/\/infoluro.com\/wp-content\/uploads\/2016\/05\/01-15-300x200.jpg 300w, https:\/\/infoluro.com\/wp-content\/uploads\/2016\/05\/01-15-600x400.jpg 600w, https:\/\/infoluro.com\/wp-content\/uploads\/2016\/05\/01-15-768x512.jpg 768w, https:\/\/infoluro.com\/wp-content\/uploads\/2016\/05\/01-15-1024x682.jpg 1024w, https:\/\/infoluro.com\/wp-content\/uploads\/2016\/05\/01-15.jpg 1280w\" sizes=\"(max-width: 584px) 100vw, 584px\" \/><\/p>\n<p>\u201cTener al Subcomisario Navarrete es muy importante para Villarino, no fue tarea f\u00e1cil el regreso a nuestro distrito, pero hoy podemos contar con Marcos, que es una persona de bien, comprometida con la comunidad\u201d, sostuvo el Intendente Bevilacqua, y destac\u00f3 que \u201cLa seguridad es uno de los ejes centrales de este gobierno, incorporando personal capacitado y comprometido, mejorando la infraestructura de las Estaciones de Polic\u00eda cada localidad, con el desaf\u00edo de mejorar Villarino llevando tranquilidad a nuestros vecinos\u201d.<\/p>\n<p>El Jefe Comunal aprovech\u00f3 la oportunidad para destacar que en el corto plazo se estar\u00e1n instalando c\u00e1maras con lectores de patentes en el KM 714, que une Bah\u00eda Blanca con Villarino, lo que permitir\u00e1 contribuir a un control m\u00e1s efectivo en una de las puertas de ingreso al distrito.<\/p>\n<p>\u201cDeseo el mayor de los \u00e9xitos al Subcomisario Navarrete en ente nuevo desaf\u00edo, por que el \u00e9xito de su gesti\u00f3n ser\u00e1 el \u00e9xito de la comunidad de Villarino\u201d, finaliz\u00f3 Bevilacqua.<\/p>\n<p>Por su parte, Navarrete, agradeci\u00f3 la posibilidad de colaborar con el distrito, \u201cVengo a hacer lo que me gusta que es ser Polic\u00eda de d\u00eda y de noche, vengo a poner lo mejor de m\u00ed con total apoyo al personal y tratar de orientarlos en lo que uno cree que es lo mejor para ellos y para los vecinos\u201d, sostuvo el Subcomisario.<\/p>\n<p>El Subcomisario Marcos Navarrete, quien a partir de hoy estar\u00e1 a cargo de la Estaci\u00f3n de Polic\u00eda Comunal Villarino Segunda, desempe\u00f1aba sus funciones en el Destacamento Palihue de Bah\u00eda Blanca.<\/p>\n","protected":false},"excerpt":{"rendered":"<p>Se trata del Subcomisario Marcos Navarrete quien estar\u00e1 a cargo de la Comisaria Segunda de&#8230;<\/p>\n","protected":false},"author":2,"featured_media":901,"comment_status":"closed","ping_status":"closed","sticky":false,"template":"","format":"standard","meta":{"footnotes":""},"categories":[12,14],"tags":[],"_links":{"self":[{"href":"https:\/\/infoluro.com\/index.php?rest_route=\/wp\/v2\/posts\/898"}],"collection":[{"href":"https:\/\/infoluro.com\/index.php?rest_route=\/wp\/v2\/posts"}],"about":[{"href":"https:\/\/infoluro.com\/index.php?rest_route=\/wp\/v2\/types\/post"}],"author":[{"embeddable":true,"href":"https:\/\/infoluro.com\/index.php?rest_route=\/wp\/v2\/users\/2"}],"replies":[{"embeddable":true,"href":"https:\/\/infoluro.com\/index.php?rest_route=%2Fwp%2Fv2%2Fcomments&post=898"}],"version-history":[{"count":0,"href":"https:\/\/infoluro.com\/index.php?rest_route=\/wp\/v2\/posts\/898\/revisions"}],"wp:featuredmedia":[{"embeddable":true,"href":"https:\/\/infoluro.com\/index.php?rest_route=\/wp\/v2\/media\/901"}],"wp:attachment":[{"href":"https:\/\/infoluro.com\/index.php?rest_route=%2Fwp%2Fv2%2Fmedia&parent=898"}],"wp:term":[{"taxonomy":"category","embeddable":true,"href":"https:\/\/infoluro.com\/index.php?rest_route=%2Fwp%2Fv2%2Fcategories&post=898"},{"taxonomy":"post_tag","embeddable":true,"href":"https:\/\/infoluro.com\/index.php?rest_route=%2Fwp%2Fv2%2Ftags&post=898"}],"curies":[{"name":"wp","href":"https:\/\/api.w.org\/{rel}","templated":true}]}}