{"id":906,"date":"2016-05-18T10:15:25","date_gmt":"2016-05-18T13:15:25","guid":{"rendered":"http:\/\/infoluro.com\/?p=906"},"modified":"2016-05-18T10:15:25","modified_gmt":"2016-05-18T13:15:25","slug":"estado-de-obra-del-gasoducto-villarino-patagones","status":"publish","type":"post","link":"https:\/\/infoluro.com\/?p=906","title":{"rendered":"Estado de obra del Gasoducto Villarino-Patagones"},"content":{"rendered":"<p>El Concejal Luciano Peretto, Presidente del Concejo Deliberante de Villarino se reuni\u00f3 durante la semana, acompa\u00f1ado por Concejales de los diferentes bloques, con el titular de la empresa Chimen Aiqu\u00e9, Rub\u00e9n Aranda, encargados de la obra potenciaci\u00f3n del gasoducto nos informamos que la obra est\u00e1 en un 95% de ejecuci\u00f3n; en los \u00faltimos d\u00edas se realiz\u00f3 el cruce por la Ruta N\u00ba22 faltar\u00eda el cruce del camino a Ombucta y la prueba hidr\u00e1ulica. Lo que est\u00e1 atrasado es el pago de la obra, solo se ha abonado el 50% del total. Peretto conto los detalles a la Zfm y adem\u00e1s se refiri\u00f3 a la conformaci\u00f3n de la Comisi\u00f3n de Seguimiento de Fondo Educativo y a la sesi\u00f3n de este mi\u00e9rcoles en el HCD.<\/p>\n<!--[if lt IE 9]><script>document.createElement('audio');<\/script><![endif]-->\n<audio class=\"wp-audio-shortcode\" id=\"audio-906-1\" preload=\"none\" style=\"width: 100%;\" controls=\"controls\"><source type=\"audio\/mpeg\" src=\"https:\/\/infoluro.com\/wp-content\/uploads\/2016\/05\/peretto18052016.mp3?_=1\" \/><a href=\"https:\/\/infoluro.com\/wp-content\/uploads\/2016\/05\/peretto18052016.mp3\">https:\/\/infoluro.com\/wp-content\/uploads\/2016\/05\/peretto18052016.mp3<\/a><\/audio>\n<p><!--more--><\/p>\n<p>Concejales de los diferentes bloques participaron en la conformaci\u00f3n y primer reuni\u00f3n de la Comisi\u00f3n de Seguimiento de Fondo Educativo($27.000.000): \u00a0\u201cexiste una postura de la oposici\u00f3n de que el fondo educativo no solo se utilice para obras civiles sino tambi\u00e9n para fortalecer aquellas \u00e1reas que permiten que los alumnos lleguen al establecimiento como el transporte escolar; o que se fortalezca la cuota de comedor para que los chicos tengan un men\u00fa interesante, adem\u00e1s controlar y recomponer partidas que en algunos establecimientos est\u00e1n sobrando y en otras est\u00e1n faltando y seguir luchando por la construcci\u00f3n del edificio para el Jard\u00edn 910 y la escuela t\u00e9cnica de Buratovich\u201d sostuvo el Concejal Lucinao Peretto. \u201clo importante es que los chicos est\u00e9n adentro de la escuela\u201d agreg\u00f3. La Comisi\u00f3n de Fondo Educativo se volver\u00e1 a reunir en los pr\u00f3ximos d\u00edas para ver que compromisos puede tomar el ejecutivo.<\/p>\n<p>Por otro lado este mi\u00e9rcoles habr\u00e1 una nueva sesi\u00f3n Ordinaria del Concejo con varios temas a tratar; este es el orden del dia:<\/p>\n<p><strong><u>PROYECTOS\/ ASUNTOS DE CONCEJALES:<\/u><\/strong><\/p>\n<p><strong><u>\u00a0<\/u><\/strong><\/p>\n<ul>\n<li><strong>Asunto 10726:<\/strong> Concejales PAVON Marcelo, PELLEJERO Carolina, DALLAVIA Ignacio, DIEZ Carlos elevan Proyecto de Declaraci\u00f3n referente a \u201cReconocimiento al Sr. Dardo Berrios\u201d<\/li>\n<\/ul>\n<p>&nbsp;<\/p>\n<ul>\n<li><strong>Asunto 10727:<\/strong> Concejales PAVON Marcelo, PELLEJERO Carolina, DALLAVIA Ignacio, DIEZ Carlos Concejales, elevan Proyecto de Resoluci\u00f3n<\/li>\n<\/ul>\n<p>referente a \u201cSolic. a la Pte. Del Consejo Escolar estad\u00edstica acerca de \u00a0\u00a0\u00a0\u00a0\u00a0\u00a0ni\u00f1os\/as que se encuentran excluidos del transporte y del servicio alimentario escolar\u201d<\/p>\n<p><strong><u>\u00a0<\/u><\/strong><\/p>\n<ul>\n<li><strong>Asunto 10736: <\/strong>Concejales PELLEJERO Carolina, DALLAV\u00cdA Ignacio, DIEZ Carlos, STEFANELLI Fabricio, MARLIA Fabi\u00e1n elevan Proyecto de Ordenanza referente a \u201cTenencia responsable de mascotas\u201d<\/li>\n<\/ul>\n<p><strong><u>\u00a0<\/u><\/strong><\/p>\n<ul>\n<li><strong>Asunto 10744: <\/strong>Concejales DALLAV\u00cdA Ignacio, STEFANELLI Fabricio, DIEZ Carlos elevan Proyecto de Comunicaci\u00f3n referente a \u201cinformar a los vecinos acerca del uso responsable de la energ\u00eda el\u00e9ctrica\u201d<\/li>\n<\/ul>\n<p><strong><u>\u00a0<\/u><\/strong><\/p>\n<ul>\n<li><strong>Asunto 10745:<\/strong> Concejales DALLAV\u00cdA Ignacio, STEFANELLI Fabricio, , elevan Proyecto de Comunicaci\u00f3n referente a \u201cAdhesi\u00f3n a iniciativa para modificaci\u00f3n de ley 12698 referente a tarifa de Inter\u00e9s Social\u201d<\/li>\n<\/ul>\n<p><strong>\u00a0<\/strong><\/p>\n<ul>\n<li><strong>Asunto 10753: <\/strong>Concejales DALLAV\u00cdA Ignacio, DIEZ Carlos elevan Proyecto de Resoluci\u00f3n referente a \u201csolic. al D.E. coloque reductores de velocidad en calle Drisaldi de la localidad de M\u00e9danos\u201d<\/li>\n<\/ul>\n<p><strong>\u00a0<\/strong><\/p>\n<ul>\n<li><strong>Asunto 10760: <\/strong>Concejales DALLAV\u00cdA Ignacio, STEFANELLI Fabricio, DIEZ Carlos elevan Proyecto de Resoluci\u00f3n referente a \u201cSolic. Presencia del Subsecretario de Desarrollo Social para informar acerca de la suspensi\u00f3n de ayuda a merendero de la localidad de M\u00e9danos\u201d<\/li>\n<\/ul>\n<p><strong>\u00a0<\/strong><\/p>\n<ul>\n<li><strong>Asunto 10766: <\/strong>Concejales PELLEJERO Carolina, DROME Mar\u00eda del Carmen, DIEZ Carlos, STEFANELLI Fabricio, MARLIA Fabi\u00e1n elevan Proyecto de Comunicaci\u00f3n referente a \u201cSolic. al D.E. la instalaci\u00f3n de bancos en suc. Bco. Provincia de Mayor Buratovich\u201d<\/li>\n<\/ul>\n<p><strong>\u00a0<\/strong><\/p>\n<ul>\n<li><strong>Asunto 10768: <\/strong>Concejales PELLEJERO Carolina, DALLAV\u00cdA Ignacio, DIEZ Carlos, STEFANELLI Fabricio, MARLIA Fabi\u00e1n, DROME Mar\u00eda del Carmen, PERETTO Luciano, elevan Proyecto de Ordenanza referente a \u201cObligatoriedad de presentaci\u00f3n de Declaraci\u00f3n Jurada Patrimonial en el \u00e1mbito del Distrito de Villarino por parte de Funcionarios Municipales y Miembros del HCD\u201d<\/li>\n<\/ul>\n<p><strong>\u00a0<\/strong><\/p>\n<ul>\n<li><strong>Asunto 10769: <\/strong>Concejales PELLEJERO Carolina, DALLAV\u00cdA Ignacio, DIEZ Carlos, STEFANELLI Fabricio, MARLIA Fabi\u00e1n, DROME Mar\u00eda del Carmen, PERETTO Luciano, elevan Proyecto de Comunicaci\u00f3n referente a \u201cSolic. al D.E. gestione la continuidad del funcionamiento de la Esc. Descentralizada de Polic\u00edas \u201cJuan Vucetich\u201d\u201d<\/li>\n<\/ul>\n<p><strong>\u00a0<\/strong><\/p>\n<ul>\n<li><strong>Asunto 10770: <\/strong>Concejales PELLEJERO Carolina, DALLAV\u00cdA Ignacio, DIEZ Carlos, STEFANELLI Fabricio, MARLIA Fabi\u00e1n, DROME Mar\u00eda del Carmen, elevan Proyecto de Comunicaci\u00f3n referente a \u201cSolic al D.E. informe si se est\u00e1n efectuando los an\u00e1lisis qu\u00edmicos y bacteriol\u00f3gicos del agua de las distintas localidades del Distrito\u201d<\/li>\n<\/ul>\n<p><strong>\u00a0<\/strong><\/p>\n<ul>\n<li><strong>Asunto 10777: <\/strong>Concejal Peretto Luciano eleva Proyecto de Resoluci\u00f3n referente a \u201cDeclaraci\u00f3n de Inter\u00e9s Educativo el contenido y forma del libro \u201cLa regi\u00f3n del Colorado\u201d<\/li>\n<\/ul>\n<p><strong>\u00a0<\/strong><\/p>\n<ul>\n<li><strong>Asunto 10781: <\/strong>Concejal Horacio Brion solicita licencia<\/li>\n<\/ul>\n<p><strong><u>\u00a0<\/u><\/strong><\/p>\n<ul>\n<li><strong><u>ASUNTOS DEL DEPARTAMENTO EJECUTIVO:<\/u><\/strong><\/li>\n<\/ul>\n<p><strong><u>\u00a0<\/u><\/strong><\/p>\n<ul>\n<li><strong>Asunto 10725: <\/strong>Directora de Asuntos Legales y Directora de Catastro elevan solicitud de remisi\u00f3n al DE del Asunto 10487 C\u00f3digo de Planeamiento Urbano de Hilario Ascasubi\u201d<\/li>\n<\/ul>\n<p><strong>\u00a0<\/strong><\/p>\n<ul>\n<li><strong>Asunto 10742: <\/strong> de Gobierno eleva convenio del programa \u201cUnidades de Desarrollo Infantil Modalidad Centro de Atenci\u00f3n Integral\u201d para autorizar su firma<\/li>\n<\/ul>\n<p>&nbsp;<\/p>\n<ul>\n<li><strong>Asunto 10746<\/strong>: Sec de Gobierno eleva nota, planos y pliegos sobre obra a realizar en Banco Provincia de Buenos Aires Suc. Mayor Buratovich<\/li>\n<\/ul>\n<p>&nbsp;<\/p>\n<ul>\n<li><strong>Asunto 10754<\/strong>: Sec de Gobierno eleva Declaraci\u00f3n de Inter\u00e9s Municipal \u2013 5\u00ba EXPO TERMAL, Feria Internacional del Turismo Termal\u201d<\/li>\n<\/ul>\n<p>&nbsp;<\/p>\n<ul>\n<li><strong>Asunto 10755<\/strong>: Sec de Gobierno eleva Declaraci\u00f3n de Inter\u00e9s Municipal \u2013 1\u00ba Encuentro \u201cTurismo como Factor de Integraci\u00f3n y Desarrollo del Sudoeste Bonaerense\u201d<\/li>\n<\/ul>\n<p>&nbsp;<\/p>\n<ul>\n<li><strong>Asunto 10761<\/strong>. Sec. de Obras P\u00fablicas eleva respuesta a Minuta de Comunicaci\u00f3n N\u00ba 1405\/16<\/li>\n<\/ul>\n<p>&nbsp;<\/p>\n<ul>\n<li><strong>Asunto 10762<\/strong>: Directora de Asuntos Legales eleva respuesta a minuta de Comunicaci\u00f3n N\u00ba 1406\/16<\/li>\n<\/ul>\n<p>&nbsp;<\/p>\n<ul>\n<li><strong>Asunto 10765<\/strong>: E. eleva proyecto de ordenanza referente a \u201cCreaci\u00f3n de la Subdelegaci\u00f3n de Colonia San Adolfo\u201d<\/li>\n<\/ul>\n<p>&nbsp;<\/p>\n<p><strong><u>PROYECTOS\/ ASUNTOS DE PARTICULARES:<\/u><\/strong><\/p>\n<p><strong><u>\u00a0<\/u><\/strong><\/p>\n<ul>\n<li><strong>Asunto 10734:<\/strong> Particulares elevan solicitud de gestiones para la colocaci\u00f3n de un nuevo cajero autom\u00e1tico en la localidad de M\u00e9danos<\/li>\n<\/ul>\n<p>&nbsp;<\/p>\n<ul>\n<li><strong>Asunto 10735:<\/strong> Directivos EES N\u00ba 10 solicitan \u201celementos escolares varios para que sean solventados a trav\u00e9s del Fondo Educativo\u201d<\/li>\n<\/ul>\n<p>&nbsp;<\/p>\n<ul>\n<li><strong>Asunto 10737:<\/strong> Agrupaciones Gauchas de Villarino solicitan \u201creuni\u00f3n con el HCD por Proyecto de Ordenanza sobre Fiestas Gauchas o Camperas\u201d<\/li>\n<\/ul>\n<p>&nbsp;<\/p>\n<ul>\n<li><strong>Asunto 10747<\/strong>: Vecinos de la localidad de Pedro Luro elevan proyecto de Ordenanza referente a \u201cdesignar la calle que une la Ruta 3 con Fort\u00edn Mercedes como Juan Pedro Ithurralde\u201d<\/li>\n<\/ul>\n<p>&nbsp;<\/p>\n<ul>\n<li><strong>Asunto 10748:<\/strong> Vecinos de la localidad de Pedro Luro solicitan modificaci\u00f3n de las manzanas 114, 115 y 116, pudi\u00e9ndose incluir tambi\u00e9n la 117.<\/li>\n<\/ul>\n<p>&nbsp;<\/p>\n<ul>\n<li><strong>Asunto 10725 bis<\/strong>: HCD de Luj\u00e1n eleva Resoluciones N\u00ba 9, N\u00ba 10 y Minuta de Comunicaci\u00f3n 2173\/16<\/li>\n<\/ul>\n<p>&nbsp;<\/p>\n<ul>\n<li><strong>Asunto 10749<\/strong>: HCD de Tres Arroyos eleva resoluci\u00f3n N\u00ba 1666\/16<\/li>\n<\/ul>\n<p>&nbsp;<\/p>\n<ul>\n<li><strong>Asunto 10750<\/strong>: HCD de 25 de Mayo eleva Resoluci\u00f3n N\u00ba 10\/2016<\/li>\n<\/ul>\n<p>&nbsp;<\/p>\n<ul>\n<li><strong>Asunto 10751<\/strong>: HCD de Luj\u00e1n eleva Resoluci\u00f3n N\u00ba 18\/2016<\/li>\n<\/ul>\n<p>&nbsp;<\/p>\n<ul>\n<li><strong>Asunto 10752<\/strong>: HCD de 25 de Mayo eleva Resoluci\u00f3n N\u00ba 09\/2016<\/li>\n<\/ul>\n<p>&nbsp;<\/p>\n<ul>\n<li><strong>Asunto 10758<\/strong>: HCD de san Andr\u00e9s de Giles eleva Comunicaci\u00f3n N\u00ba 664<\/li>\n<\/ul>\n<p>&nbsp;<\/p>\n<ul>\n<li><strong>Asunto 10771<\/strong>: HCD de Guamin\u00ed eleva Resoluci\u00f3n N\u00ba 5\/2016<\/li>\n<\/ul>\n<p>&nbsp;<\/p>\n<ul>\n<li><strong>Asunto 10772<\/strong>: HCD de Patagones eleva Resoluci\u00f3n N\u00ba 2610\/2016<\/li>\n<\/ul>\n<p>&nbsp;<\/p>\n<ul>\n<li><strong>Asunto 10773<\/strong>: HCD de Guamin\u00ed eleva Resoluci\u00f3n N\u00ba 02\/2016<\/li>\n<\/ul>\n<p>&nbsp;<\/p>\n<ul>\n<li><strong>Asunto 10775<\/strong>: HCD de Luj\u00e1n eleva Resoluci\u00f3n N\u00ba 20\/2016<\/li>\n<\/ul>\n<p>&nbsp;<\/p>\n<ul>\n<li><strong>Asunto 10774<\/strong>: HCD de Luj\u00e1n eleva Resoluci\u00f3n N\u00ba 19\/2016<\/li>\n<\/ul>\n<p>&nbsp;<\/p>\n<ul>\n<li><strong>Asunto 10776<\/strong>: HCD de Patagones eleva Resoluci\u00f3n N\u00ba 2617\/16<\/li>\n<\/ul>\n<p>&nbsp;<\/p>\n<ul>\n<li><strong>Asunto 10784<\/strong>: HCD de Madariaga eleva Resoluci\u00f3n N\u00ba 596\/16<\/li>\n<\/ul>\n","protected":false},"excerpt":{"rendered":"<p>El Concejal Luciano Peretto, Presidente del Concejo Deliberante de Villarino se reuni\u00f3 durante la semana,&#8230;<\/p>\n","protected":false},"author":2,"featured_media":908,"comment_status":"closed","ping_status":"closed","sticky":false,"template":"","format":"standard","meta":{"footnotes":""},"categories":[12,9],"tags":[],"_links":{"self":[{"href":"https:\/\/infoluro.com\/index.php?rest_route=\/wp\/v2\/posts\/906"}],"collection":[{"href":"https:\/\/infoluro.com\/index.php?rest_route=\/wp\/v2\/posts"}],"about":[{"href":"https:\/\/infoluro.com\/index.php?rest_route=\/wp\/v2\/types\/post"}],"author":[{"embeddable":true,"href":"https:\/\/infoluro.com\/index.php?rest_route=\/wp\/v2\/users\/2"}],"replies":[{"embeddable":true,"href":"https:\/\/infoluro.com\/index.php?rest_route=%2Fwp%2Fv2%2Fcomments&post=906"}],"version-history":[{"count":0,"href":"https:\/\/infoluro.com\/index.php?rest_route=\/wp\/v2\/posts\/906\/revisions"}],"wp:featuredmedia":[{"embeddable":true,"href":"https:\/\/infoluro.com\/index.php?rest_route=\/wp\/v2\/media\/908"}],"wp:attachment":[{"href":"https:\/\/infoluro.com\/index.php?rest_route=%2Fwp%2Fv2%2Fmedia&parent=906"}],"wp:term":[{"taxonomy":"category","embeddable":true,"href":"https:\/\/infoluro.com\/index.php?rest_route=%2Fwp%2Fv2%2Fcategories&post=906"},{"taxonomy":"post_tag","embeddable":true,"href":"https:\/\/infoluro.com\/index.php?rest_route=%2Fwp%2Fv2%2Ftags&post=906"}],"curies":[{"name":"wp","href":"https:\/\/api.w.org\/{rel}","templated":true}]}}