{"id":918,"date":"2016-05-18T12:00:29","date_gmt":"2016-05-18T15:00:29","guid":{"rendered":"http:\/\/infoluro.com\/?p=918"},"modified":"2016-05-18T12:00:29","modified_gmt":"2016-05-18T15:00:29","slug":"este-jueves-se-reciben-preinscripciones-para-el-monotributo-social","status":"publish","type":"post","link":"https:\/\/infoluro.com\/?p=918","title":{"rendered":"Este jueves se reciben preinscripciones para el Monotributo Social"},"content":{"rendered":"<p>La Direcci\u00f3n de Recursos Humanos y Empleo convoca a todas aquellas personas interesadas en acceder en estel r\u00e9gimen correspondiente al Ministerio de Desarrollo Social de la Naci\u00f3n. El tramite lo podr\u00e1 realizar desde las 09:30 en la Delegaci\u00f3n Municipal. Gonzalo Silva Director del \u00c1rea en Villarino pas\u00f3 por los micr\u00f3fonos de la Zfm brindando un panorama de los beneficios para quien se inscriba y comunic\u00f3 que se ha ampliado el monto de facturaci\u00f3n anual a $72.000.<\/p>\n<!--[if lt IE 9]><script>document.createElement('audio');<\/script><![endif]-->\n<audio class=\"wp-audio-shortcode\" id=\"audio-918-1\" preload=\"none\" style=\"width: 100%;\" controls=\"controls\"><source type=\"audio\/mpeg\" src=\"https:\/\/infoluro.com\/wp-content\/uploads\/2016\/05\/GONZALO-SILVA-MONOTRIBUTO-18052016.mp3?_=1\" \/><a href=\"https:\/\/infoluro.com\/wp-content\/uploads\/2016\/05\/GONZALO-SILVA-MONOTRIBUTO-18052016.mp3\">https:\/\/infoluro.com\/wp-content\/uploads\/2016\/05\/GONZALO-SILVA-MONOTRIBUTO-18052016.mp3<\/a><\/audio>\n<p><!--more--><\/p>\n<p>El Monotributo Social permite el ingreso a la econom\u00eda formal para quienes se encuentren realizando actividades productivas de servicio o de comercializaci\u00f3n, contando con el beneficio de \u00a0una obra social, registro de a\u00f1os en ANSES como aporte jubilatorio y estar exento de rentas provinciales (Ingresos brutos a trav\u00e9s de la ley ALAS).<\/p>\n<p>El Monotributo Social puede tramitarse para emprendimientos diversos, como peluquer\u00edas, despensas, kioscos, trabajos de gasista, alba\u00f1il, cuidador de personas, entre otros.<\/p>\n<p>Los vecinos interesados deben acercarse el jueves 19 de mayo, a las 09.30 horas, a la Unidad de Gesti\u00f3n Municipal de Pedro Luro.<\/p>\n","protected":false},"excerpt":{"rendered":"<p>La Direcci\u00f3n de Recursos Humanos y Empleo convoca a todas aquellas personas interesadas en acceder&#8230;<\/p>\n","protected":false},"author":2,"featured_media":920,"comment_status":"closed","ping_status":"closed","sticky":false,"template":"","format":"standard","meta":{"footnotes":""},"categories":[12,14],"tags":[],"_links":{"self":[{"href":"https:\/\/infoluro.com\/index.php?rest_route=\/wp\/v2\/posts\/918"}],"collection":[{"href":"https:\/\/infoluro.com\/index.php?rest_route=\/wp\/v2\/posts"}],"about":[{"href":"https:\/\/infoluro.com\/index.php?rest_route=\/wp\/v2\/types\/post"}],"author":[{"embeddable":true,"href":"https:\/\/infoluro.com\/index.php?rest_route=\/wp\/v2\/users\/2"}],"replies":[{"embeddable":true,"href":"https:\/\/infoluro.com\/index.php?rest_route=%2Fwp%2Fv2%2Fcomments&post=918"}],"version-history":[{"count":0,"href":"https:\/\/infoluro.com\/index.php?rest_route=\/wp\/v2\/posts\/918\/revisions"}],"wp:featuredmedia":[{"embeddable":true,"href":"https:\/\/infoluro.com\/index.php?rest_route=\/wp\/v2\/media\/920"}],"wp:attachment":[{"href":"https:\/\/infoluro.com\/index.php?rest_route=%2Fwp%2Fv2%2Fmedia&parent=918"}],"wp:term":[{"taxonomy":"category","embeddable":true,"href":"https:\/\/infoluro.com\/index.php?rest_route=%2Fwp%2Fv2%2Fcategories&post=918"},{"taxonomy":"post_tag","embeddable":true,"href":"https:\/\/infoluro.com\/index.php?rest_route=%2Fwp%2Fv2%2Ftags&post=918"}],"curies":[{"name":"wp","href":"https:\/\/api.w.org\/{rel}","templated":true}]}}