{"id":949,"date":"2016-05-26T11:13:56","date_gmt":"2016-05-26T14:13:56","guid":{"rendered":"http:\/\/infoluro.com\/?p=949"},"modified":"2016-05-26T11:13:56","modified_gmt":"2016-05-26T14:13:56","slug":"omar-stefanelli-deja-de-ser-delegado-lurense","status":"publish","type":"post","link":"https:\/\/infoluro.com\/?p=949","title":{"rendered":"Omar Stefanelli deja de ser Delegado lurense"},"content":{"rendered":"<p>As\u00ed lo manifest\u00f3 el Mismo Stefanelli a la Zfm, quien ya desde este lunes dejar\u00e1 este puesto y volver\u00e1 a ocupar su banca en el bloque de Concejales de APV. \u201cLa intenci\u00f3n m\u00eda fue ser delegado, pero por estas cosas de la pol\u00edtica me obliga a dejar la delegaci\u00f3n para no perder la mayor\u00eda\u201d, sostuvo Stefanelli y agreg\u00f3 \u201cme duele porque resulto siendo algo lindo, un cargo que todos los d\u00edas te exige\u201d. N\u00e9stor Salas quedar\u00e1 como Delegado en tanto que Stefanelli seguir\u00e1 como un asesor en la delegaci\u00f3n.<\/p>\n<!--[if lt IE 9]><script>document.createElement('audio');<\/script><![endif]-->\n<audio class=\"wp-audio-shortcode\" id=\"audio-949-1\" preload=\"none\" style=\"width: 100%;\" controls=\"controls\"><source type=\"audio\/mpeg\" src=\"https:\/\/infoluro.com\/wp-content\/uploads\/2016\/05\/OMAR-ACLARACION-26052016.mp3?_=1\" \/><a href=\"https:\/\/infoluro.com\/wp-content\/uploads\/2016\/05\/OMAR-ACLARACION-26052016.mp3\">https:\/\/infoluro.com\/wp-content\/uploads\/2016\/05\/OMAR-ACLARACION-26052016.mp3<\/a><\/audio>\n<p><!--more--><\/p>\n<p>Pablo Duarte antes de irse al espacio Cambiemos, ocupaba sexto lugar en la lista de Concejales de APV; Stefanelli era el quinto candidato y al asumir como Delegado autom\u00e1ticamente quien asciende es el que lo precede. La Justicia, al no validarle la renuncia a Duarte, lo habilita a ocupar su banca (por Cambiemos). Es por ese motivo que Omar Stefanelli dejara su cargo como Delegado de Pedro Luro y volver a su Banca de Concejales para no perder la mayor\u00eda.<\/p>\n","protected":false},"excerpt":{"rendered":"<p>As\u00ed lo manifest\u00f3 el Mismo Stefanelli a la Zfm, quien ya desde este lunes dejar\u00e1&#8230;<\/p>\n","protected":false},"author":2,"featured_media":932,"comment_status":"closed","ping_status":"closed","sticky":false,"template":"","format":"standard","meta":{"footnotes":""},"categories":[12,3],"tags":[],"_links":{"self":[{"href":"https:\/\/infoluro.com\/index.php?rest_route=\/wp\/v2\/posts\/949"}],"collection":[{"href":"https:\/\/infoluro.com\/index.php?rest_route=\/wp\/v2\/posts"}],"about":[{"href":"https:\/\/infoluro.com\/index.php?rest_route=\/wp\/v2\/types\/post"}],"author":[{"embeddable":true,"href":"https:\/\/infoluro.com\/index.php?rest_route=\/wp\/v2\/users\/2"}],"replies":[{"embeddable":true,"href":"https:\/\/infoluro.com\/index.php?rest_route=%2Fwp%2Fv2%2Fcomments&post=949"}],"version-history":[{"count":0,"href":"https:\/\/infoluro.com\/index.php?rest_route=\/wp\/v2\/posts\/949\/revisions"}],"wp:featuredmedia":[{"embeddable":true,"href":"https:\/\/infoluro.com\/index.php?rest_route=\/wp\/v2\/media\/932"}],"wp:attachment":[{"href":"https:\/\/infoluro.com\/index.php?rest_route=%2Fwp%2Fv2%2Fmedia&parent=949"}],"wp:term":[{"taxonomy":"category","embeddable":true,"href":"https:\/\/infoluro.com\/index.php?rest_route=%2Fwp%2Fv2%2Fcategories&post=949"},{"taxonomy":"post_tag","embeddable":true,"href":"https:\/\/infoluro.com\/index.php?rest_route=%2Fwp%2Fv2%2Ftags&post=949"}],"curies":[{"name":"wp","href":"https:\/\/api.w.org\/{rel}","templated":true}]}}