{"id":952,"date":"2016-05-27T13:02:37","date_gmt":"2016-05-27T16:02:37","guid":{"rendered":"http:\/\/infoluro.com\/?p=952"},"modified":"2016-05-27T13:02:37","modified_gmt":"2016-05-27T16:02:37","slug":"pedro-luro-cuenta-con-la-primera-oficina-de-anses-del-distrito","status":"publish","type":"post","link":"https:\/\/infoluro.com\/?p=952","title":{"rendered":"Pedro Luro cuenta con la Primera Oficina de ANSES del distrito"},"content":{"rendered":"<p>Este viernes qued\u00f3 inaugurada oficialmente la Oficina de Anses \u00a0en calle 32 entre 3 y 5 con la presencia del Intendente Carlos Bevilacqua y acompa\u00f1ado por Ivo Luzzani Director de la Red Anses Buenos Aires. La misma fue gestionada por la Ex Intendente Patricia Cobello, y hoy, luego de una serie de encuentros mantenidos por Bevilacqua para destrabar cuestiones administrativas y de ponerse al\u00a0 d\u00eda con el alquiler del inmueble se pudo dar apertura de la misma. \u201cEs la obligaci\u00f3n que tenemos los gobernantes de brindar mejores beneficios al ciudadano\u201d sostuvo Bevilacqua a la Zfm. \u201cHan entendido la necesidad que ten\u00eda el distrito\u201d agreg\u00f3. La oficina tomara todo tipo de tr\u00e1mites excepto el de jubilaci\u00f3n y funcionara de 8 a 14hs.<\/p>\n<!--[if lt IE 9]><script>document.createElement('audio');<\/script><![endif]-->\n<audio class=\"wp-audio-shortcode\" id=\"audio-952-1\" preload=\"none\" style=\"width: 100%;\" controls=\"controls\"><source type=\"audio\/mpeg\" src=\"https:\/\/infoluro.com\/wp-content\/uploads\/2016\/05\/ANSESOFICINA27052016.mp3?_=1\" \/><a href=\"https:\/\/infoluro.com\/wp-content\/uploads\/2016\/05\/ANSESOFICINA27052016.mp3\">https:\/\/infoluro.com\/wp-content\/uploads\/2016\/05\/ANSESOFICINA27052016.mp3<\/a><\/audio>\n","protected":false},"excerpt":{"rendered":"<p>Este viernes qued\u00f3 inaugurada oficialmente la Oficina de Anses \u00a0en calle 32 entre 3 y&#8230;<\/p>\n","protected":false},"author":2,"featured_media":954,"comment_status":"closed","ping_status":"closed","sticky":false,"template":"","format":"standard","meta":{"footnotes":""},"categories":[12,14],"tags":[],"_links":{"self":[{"href":"https:\/\/infoluro.com\/index.php?rest_route=\/wp\/v2\/posts\/952"}],"collection":[{"href":"https:\/\/infoluro.com\/index.php?rest_route=\/wp\/v2\/posts"}],"about":[{"href":"https:\/\/infoluro.com\/index.php?rest_route=\/wp\/v2\/types\/post"}],"author":[{"embeddable":true,"href":"https:\/\/infoluro.com\/index.php?rest_route=\/wp\/v2\/users\/2"}],"replies":[{"embeddable":true,"href":"https:\/\/infoluro.com\/index.php?rest_route=%2Fwp%2Fv2%2Fcomments&post=952"}],"version-history":[{"count":0,"href":"https:\/\/infoluro.com\/index.php?rest_route=\/wp\/v2\/posts\/952\/revisions"}],"wp:featuredmedia":[{"embeddable":true,"href":"https:\/\/infoluro.com\/index.php?rest_route=\/wp\/v2\/media\/954"}],"wp:attachment":[{"href":"https:\/\/infoluro.com\/index.php?rest_route=%2Fwp%2Fv2%2Fmedia&parent=952"}],"wp:term":[{"taxonomy":"category","embeddable":true,"href":"https:\/\/infoluro.com\/index.php?rest_route=%2Fwp%2Fv2%2Fcategories&post=952"},{"taxonomy":"post_tag","embeddable":true,"href":"https:\/\/infoluro.com\/index.php?rest_route=%2Fwp%2Fv2%2Ftags&post=952"}],"curies":[{"name":"wp","href":"https:\/\/api.w.org\/{rel}","templated":true}]}}