{"id":959,"date":"2016-05-30T10:24:06","date_gmt":"2016-05-30T13:24:06","guid":{"rendered":"http:\/\/infoluro.com\/?p=959"},"modified":"2016-05-30T10:44:09","modified_gmt":"2016-05-30T13:44:09","slug":"fin-de-semana-accidentado","status":"publish","type":"post","link":"https:\/\/infoluro.com\/?p=959","title":{"rendered":"Fin de semana Accidentado"},"content":{"rendered":"<p>El personal de Bomberos Voluntarios de Pedro Luro tuvo que prestar servicio en dos colisiones ocurridas durante los \u00faltimos d\u00edas. El primero ocurri\u00f3 el viernes sobre la noche a la altura de Igarzabal; all\u00ed chocaron de frente un cami\u00f3n Mercedes Benz y un Peugeot 307; el segundo hecho ocurri\u00f3 el s\u00e1bado cuando un colectivo que era llevado de tiro por una camioneta, hizo una tijera y quedo sobre la ruta 3 en cercan\u00edas a Juan A Pradere. La informaci\u00f3n la brindo Silvio Flocco Jefe del Cuerpo Activo de los Bomberos de Pedro Luro.<\/p>\n<!--[if lt IE 9]><script>document.createElement('audio');<\/script><![endif]-->\n<audio class=\"wp-audio-shortcode\" id=\"audio-959-1\" preload=\"none\" style=\"width: 100%;\" controls=\"controls\"><source type=\"audio\/mpeg\" src=\"https:\/\/infoluro.com\/wp-content\/uploads\/2016\/05\/SILVIOFLOCCO-ACC-30052016.mp3?_=1\" \/><a href=\"https:\/\/infoluro.com\/wp-content\/uploads\/2016\/05\/SILVIOFLOCCO-ACC-30052016.mp3\">https:\/\/infoluro.com\/wp-content\/uploads\/2016\/05\/SILVIOFLOCCO-ACC-30052016.mp3<\/a><\/audio>\n<p><!--more--><\/p>\n<p>El choque del viernes ocurri\u00f3 en la ruta nacional nro.3 a la altura del kil\u00f3metro 836, a unos 14 km de Villalonga.<\/p>\n<p>Constituido personal policial en el lugar constato una colisi\u00f3n frontal entre un cami\u00f3n Mercedes Benz LS11\/14, con dominio B785645 y un Peugueto 307, patente OKK181.<\/p>\n<p>El \u00a0rodado mayor era conducido por Miguel Temprano, de 60 a\u00f1os, quien estaba acompa\u00f1ado por Rosario Rozas, de 65 a\u00f1os. Ambos con residencia en Ibarroule 120 de Villalonga. Por su parte, el rodado menor, que se desplazaba con sentido sur-norte, estaba al mando de H\u00e9ctor An\u00edbal Quevedo, de 62 a\u00f1os, con domicilio en Neuquen 2344 de Bah\u00eda Blanca.<\/p>\n<p><img loading=\"lazy\" decoding=\"async\" class=\"alignnone wp-image-960\" src=\"https:\/\/infoluro.com\/wp-content\/uploads\/2016\/05\/accidente1-300x225.jpg\" alt=\"accidente1\" width=\"417\" height=\"313\" srcset=\"https:\/\/infoluro.com\/wp-content\/uploads\/2016\/05\/accidente1-300x225.jpg 300w, https:\/\/infoluro.com\/wp-content\/uploads\/2016\/05\/accidente1.jpg 526w\" sizes=\"(max-width: 417px) 100vw, 417px\" \/><\/p>\n<p>Como consecuencia del impacto, del cual se procura conocer las causas, Quevedo fue trasladado al Hospital Penna de Bah\u00eda Blanca con pron\u00f3stico reservado. Por su parte, Temprano y Rozas fueron llevados al Hospital de Pedro Luro donde recibieron atenci\u00f3n m\u00e9dica. Seg\u00fan se inform\u00f3, ambos no corren riesgo de vida.<\/p>\n","protected":false},"excerpt":{"rendered":"<p>El personal de Bomberos Voluntarios de Pedro Luro tuvo que prestar servicio en dos colisiones&#8230;<\/p>\n","protected":false},"author":2,"featured_media":961,"comment_status":"closed","ping_status":"closed","sticky":false,"template":"","format":"standard","meta":{"footnotes":""},"categories":[12,4,14],"tags":[],"_links":{"self":[{"href":"https:\/\/infoluro.com\/index.php?rest_route=\/wp\/v2\/posts\/959"}],"collection":[{"href":"https:\/\/infoluro.com\/index.php?rest_route=\/wp\/v2\/posts"}],"about":[{"href":"https:\/\/infoluro.com\/index.php?rest_route=\/wp\/v2\/types\/post"}],"author":[{"embeddable":true,"href":"https:\/\/infoluro.com\/index.php?rest_route=\/wp\/v2\/users\/2"}],"replies":[{"embeddable":true,"href":"https:\/\/infoluro.com\/index.php?rest_route=%2Fwp%2Fv2%2Fcomments&post=959"}],"version-history":[{"count":0,"href":"https:\/\/infoluro.com\/index.php?rest_route=\/wp\/v2\/posts\/959\/revisions"}],"wp:featuredmedia":[{"embeddable":true,"href":"https:\/\/infoluro.com\/index.php?rest_route=\/wp\/v2\/media\/961"}],"wp:attachment":[{"href":"https:\/\/infoluro.com\/index.php?rest_route=%2Fwp%2Fv2%2Fmedia&parent=959"}],"wp:term":[{"taxonomy":"category","embeddable":true,"href":"https:\/\/infoluro.com\/index.php?rest_route=%2Fwp%2Fv2%2Fcategories&post=959"},{"taxonomy":"post_tag","embeddable":true,"href":"https:\/\/infoluro.com\/index.php?rest_route=%2Fwp%2Fv2%2Ftags&post=959"}],"curies":[{"name":"wp","href":"https:\/\/api.w.org\/{rel}","templated":true}]}}